{"id":1626,"date":"2024-11-18T11:40:23","date_gmt":"2024-11-18T14:40:23","guid":{"rendered":"https:\/\/www.turismotoledo.com.br\/novo\/?p=1626"},"modified":"2024-11-18T11:40:25","modified_gmt":"2024-11-18T14:40:25","slug":"o-uso-de-neve-artificial-em-estacoes-de-esqui-no-chile-diante-de-incertezas-sobre-o-clima","status":"publish","type":"post","link":"https:\/\/www.turismotoledo.com.br\/novo\/2024\/11\/18\/o-uso-de-neve-artificial-em-estacoes-de-esqui-no-chile-diante-de-incertezas-sobre-o-clima\/","title":{"rendered":"O uso de neve artificial em esta\u00e7\u00f5es de esqui no Chile diante de incertezas sobre o clima"},"content":{"rendered":"\n<p>As principais esta\u00e7\u00f5es de esqui nos arredores de Santiago est\u00e3o investindo em m\u00e1quinas de fazer neve, ap\u00f3s uma sequ\u00eancia de anos com pouca neve natural. Cientistas preveem que regi\u00e3o ser\u00e1 uma das mais afetadas pelas mudan\u00e7as clim\u00e1ticas no pa\u00eds.<\/p>\n\n\n\n<p>Desde o in\u00edcio do ano, um grupo de dez pessoas de\u00a0Amparo (SP)\u00a0se planejou para\u00a0viajar para\u00a0Santiago\u00a0do Chile e ver a neve,\u00a0como fazem milhares de brasileiros a cada ano.<\/p>\n\n\n\n<p>Mas eles sabiam que talvez n\u00e3o encontrassem a protagonista do passeio em sua melhor forma. Por meses, o grupo acompanhou estat\u00edsticas do clima para tentar prever se conseguiriam aproveitar a neve \u2014 incluindo duas crian\u00e7as, que veriam esse tipo de paisagem pela primeira vez.<\/p>\n\n\n\n<p>&#8220;Eu e meu pai viemos para c\u00e1 em 2017 e tinha bem menos neve. V\u00e1rias atra\u00e7\u00f5es estavam fechadas&#8221;, lembra o empres\u00e1rio Eduardo Gerbi, 39 anos, falando com a BBC em Farellones, uma esp\u00e9cie de parque na neve que tem atividades como tirolesas e\u00a0<em>tubing\u00a0<\/em>(atividade em que se desliza em cima de uma boia na neve<em>)<\/em>.<\/p>\n\n\n\n<p>O ano de 2024 foi diferente: a neve caiu como h\u00e1 muitos anos n\u00e3o se via nas esta\u00e7\u00f5es de esqui na regi\u00e3o de\u00a0Santiago, levando turistas e administradores das atra\u00e7\u00f5es a comemorarem.<\/p>\n\n\n\n<p>Mas mesmo em um ano pr\u00f3spero em termos de neve, por via das d\u00favidas, as esta\u00e7\u00f5es de esqui mantiveram ativos equipamentos que t\u00eam cada vez mais habitado o cen\u00e1rio das atra\u00e7\u00f5es:&nbsp;os canh\u00f5es de neve artificial.<\/p>\n\n\n\n<p>Em Farellones, h\u00e1 15 equipamentos desses. Na esta\u00e7\u00e3o El Colorado, pertencente \u00e0 mesma empresa e a cerca de 20 km dali, h\u00e1 27 aparelhos.<\/p>\n\n\n\n<p>Essas m\u00e1quinas come\u00e7aram a ser adotadas nesses locais em 1998.<\/p>\n\n\n\n<blockquote class=\"wp-block-quote is-layout-flow wp-block-quote-is-layout-flow\">\n<p>&#8220;Esse ano foi muito bom para a gente, estamos muito felizes&#8221;, comemora Bernardo Jeneral Aguilera, chefe de opera\u00e7\u00f5es da Andacor.<\/p>\n<\/blockquote>\n\n\n\n<p>&#8220;Mas continuamos produzindo [neve artificial] para garantir a temporada. Imagina se n\u00e3o fabricamos agora&#8230; Ainda temos quase dois meses de temporada&#8221;, disse Aguilera, falando com a BBC em julho.<\/p>\n\n\n\n<p>Ele conta que, de 2017 a 2023, houve uma sequ\u00eancia de anos ruins em quantidade de neve.<\/p>\n\n\n\n<p>Estudos mostram que\u00a0o ac\u00famulo de neve na regi\u00e3o central do Chile, onde fica a capital, tem ca\u00eddo\u00a0\u2014 e a perspectiva \u00e9 que a situa\u00e7\u00e3o piore nos pr\u00f3ximos anos, segundo especialistas.<\/p>\n\n\n\n<p>Nos anos ruins, a neve n\u00e3o desaparece totalmente dali, mas fica escassa. Os canh\u00f5es de neve artificial d\u00e3o uma for\u00e7a, mas, mesmo assim, \u00e0s vezes \u00e9 preciso fechar algumas atividades ou at\u00e9 a pr\u00f3pria esta\u00e7\u00e3o.<\/p>\n\n\n\n<p>A tecnologia, pelo menos atualmente, n\u00e3o \u00e9 capaz de cobrir amplas \u00e1reas como a neve natural.<\/p>\n\n\n\n<p>Em Farellones, a temporada deste ano durou 114 dias, contra 53 no ano passado, quando a atra\u00e7\u00e3o passou mais dias fechada. Em El Colorado, foram 118 dias contra 101.<\/p>\n\n\n\n<p>Em outra esta\u00e7\u00e3o na regi\u00e3o muito procurada por brasileiros, Valle Nevado, foram 143 dias este ano e apenas 100 no ano passado.<\/p>\n\n\n\n<p>Segundo Aguilera,&nbsp;os canh\u00f5es come\u00e7am a ser acionados em maio, entre 20h-22h at\u00e9 8h da manh\u00e3 do dia seguinte.<\/p>\n\n\n\n<p>Em situa\u00e7\u00f5es normais, a neve natural pode come\u00e7ar a cair na regi\u00e3o entre o fim de maio e in\u00edcio de junho, estendendo-se at\u00e9 o fim de setembro ou in\u00edcio de outubro.<\/p>\n\n\n\n<p>Mesmo na esta\u00e7\u00e3o Valle Nevado, a mais alta na regi\u00e3o de\u00a0Santiago, recorre-se \u00e0 neve artificial.<\/p>\n\n\n\n<p>A mais de 3000m de altitude, a atra\u00e7\u00e3o tem 33 canh\u00f5es de neve artificial&nbsp;e usa esse tipo de equipamento h\u00e1 dez anos.<\/p>\n\n\n\n<p>&#8220;Independente da situa\u00e7\u00e3o atual, o Valle Nevado Ski Resort se preocupa sim com as varia\u00e7\u00f5es clim\u00e1ticas e busca estar sempre preparado para receber esquiadores, portanto, investe na fabrica\u00e7\u00e3o de neve artificial h\u00e1 alguns anos, mais para manter a neve natural acumulada e prolongar a melhor experi\u00eancia&#8221;, disse por e-mail Ricardo Margulis, gerente geral do Valle Nevado.&#8221;<\/p>\n\n\n\n<p>Essas m\u00e1quinas exigem basicamente \u00e1gua, que costuma ser acumulada em reservat\u00f3rios durante o ver\u00e3o e transportada pela rede hidr\u00e1ulica, al\u00e9m de conex\u00e3o com a rede el\u00e9trica e a internet \u2014 para acessar o sistema de controle dos aparelhos.<\/p>\n\n\n\n<p>A fabrica\u00e7\u00e3o exige condi\u00e7\u00f5es espec\u00edficas de temperatura ambiente e umidade.<\/p>\n\n\n\n<p>De acordo com a consultoria Fact.MR,&nbsp;a produ\u00e7\u00e3o de neve artificial \u00e9 um mercado em crescimento no mundo.&nbsp;Seu valor global est\u00e1 estimado em US$ 129,6 milh\u00f5es em 2024 e pode chegar a US$ 227,8 milh\u00f5es at\u00e9 2034.<\/p>\n\n\n\n<p>A taxa de crescimento anual composta prevista at\u00e9 l\u00e1 \u00e9 de 5,8%.<\/p>\n\n\n\n<blockquote class=\"wp-block-quote is-layout-flow wp-block-quote-is-layout-flow\">\n<p>&#8220;Padr\u00f5es clim\u00e1ticos imprevis\u00edveis e redu\u00e7\u00e3o da queda de neve natural em certas regi\u00f5es aumentaram a depend\u00eancia da neve artificial, impulsionando ainda mais o mercado&#8221;, analisa a consultoria.<\/p>\n<\/blockquote>\n\n\n\n<p>Este&nbsp;\u00e9 um mercado &#8220;altamente competitivo&#8221;, com diversas empresas batalhando para oferecer &#8220;solu\u00e7\u00f5es avan\u00e7adas, sustent\u00e1veis e eficientes na produ\u00e7\u00e3o de neve&#8221;.<\/p>\n\n\n\n<p>Entretanto, a consultoria aponta para os obst\u00e1culos desse mercado, como o alto custo de compra e instala\u00e7\u00e3o dos canh\u00f5es, sobretudo para neg\u00f3cios menores. Al\u00e9m disso, h\u00e1 um grande custo energ\u00e9tico no uso.<\/p>\n\n\n\n<p>Em julho, foi a primeira vez que as amigas Anelizi, Marcelly e Mariana sa\u00edram do Brasil. A viagem para o Chile era um sonho antigo delas, que moram no\u00a0Rio de Janeiro (RJ)\u00a0e desejavam conhecer a neve.<\/p>\n\n\n\n<p>Elas brincam que a programa\u00e7\u00e3o delas na capital chilena e arredores seria o t\u00edpico pacote dos brasileiros por ali: ir a centros de neve, vin\u00edcolas e passear por\u00a0Santiago.<\/p>\n\n\n\n<p>As amigas desabafam que estavam preocupadas se iriam conseguir aproveitar a neve, j\u00e1 que sabiam que 2023 teve pouca neve \u2014 mas estavam aliviadas com a situa\u00e7\u00e3o desse ano.<\/p>\n\n\n\n<blockquote class=\"wp-block-quote is-layout-flow wp-block-quote-is-layout-flow\">\n<p>&#8220;A gente ficou vendo qual m\u00eas seria o melhor pra gente arriscar e vir. Tudo para estar pegando neve&#8221;, conta a fisioterapeuta Mariana Zinezi, de 30 anos.<\/p>\n<\/blockquote>\n\n\n\n<p>Antes de conversar com a reportagem, as amigas n\u00e3o tinham reparado nos canh\u00f5es de neve artificial e se mostraram surpresas com a tecnologia.<\/p>\n\n\n\n<p>&#8220;A gente entende que \u00e9 s\u00f3 uma temporada que eles t\u00eam para ter [receber] todo o dinheiro e tudo mais, ent\u00e3o \u00e9 importante para a economia deles&#8221;, diz a assistente de sala de aula Marcelly Brand\u00e3o, de 30 anos.<\/p>\n\n\n\n<p>Julho desse ano teve o maior n\u00famero de turistas brasileiros chegando ao Chile j\u00e1 registrado, de acordo com a Subsecretaria de Turismo do governo chileno. S\u00f3 naquele m\u00eas, 142.782 brasileiros chegaram ao Chile.<\/p>\n\n\n\n<p>E o n\u00famero de turistas brasileiros que foram ao Chile de janeiro a agosto desse ano j\u00e1 \u00e9 15,6% maior do que em todo o ano de 2023.<\/p>\n\n\n\n<p>Se forem comparados os per\u00edodos de janeiro a agosto de ambos os anos, o n\u00famero de brasileiros j\u00e1 \u00e9 83% maior em 2024.<\/p>\n\n\n\n<p>O principal local de chegada \u00e9 justamente\u00a0Santiago, no aeroporto internacional, onde chegaram cerca de 88% dos turistas brasileiros neste ano.<\/p>\n\n\n\n<p>Entretanto, historicamente \u2014 inclusive em 2023 \u2014, o principal pa\u00eds de origem de quem visita o Chile \u00e9 a Argentina, seguida do Brasil. Ainda n\u00e3o h\u00e1 dados dispon\u00edveis para 2024.<\/p>\n\n\n\n<h2 class=\"wp-block-heading\">Regi\u00e3o deve ser fortemente afetada por mudan\u00e7as clim\u00e1ticas, dizem cientistas<\/h2>\n\n\n\n<p>Um relat\u00f3rio de 2021 do Banco Mundial analisou quais podem ser os impactos das mudan\u00e7as clim\u00e1ticas no Chile.<\/p>\n\n\n\n<p>O estudo estimou que, at\u00e9 meados desse s\u00e9culo, a temperatura m\u00e9dia anual no pa\u00eds deve aumentar entre 1,4\u00b0C\u20131,7\u00b0C. At\u00e9 o fim do s\u00e9culo, a estimativa \u00e9 de 3\u00b0C\u20133,5\u00b0C de aumento.<\/p>\n\n\n\n<p>E justamente a regi\u00e3o central do pa\u00eds, onde fica\u00a0Santiago, deve ser mais afetada pelo aumento das temperaturas e pela redu\u00e7\u00e3o da quantidade de chuva.<\/p>\n\n\n\n<p>O relat\u00f3rio prev\u00ea que, no pa\u00eds, o n\u00famero de dias com temperatura m\u00ednima inferior a 0\u00baC diminua entre 12-42 dias at\u00e9 a d\u00e9cada de 2050, e entre 37-69 at\u00e9 a d\u00e9cada de 2090.<\/p>\n\n\n\n<p>As mudan\u00e7as devem ser mais percept\u00edveis nos meses de inverno, principalmente entre julho e agosto. Al\u00e9m disso, o ver\u00e3o deve come\u00e7ar mais cedo e durar mais, enquanto a precipita\u00e7\u00e3o diminuir\u00e1, prev\u00ea o relat\u00f3rio.<\/p>\n\n\n\n<p>O climatologista Raul Cordero, professor da Universidade de\u00a0Santiago\u00a0do Chile (USACH), tem estudado na teoria e observado na pr\u00e1tica a diminui\u00e7\u00e3o da neve na regi\u00e3o da capital chilena \u2014 assim como a diminui\u00e7\u00e3o nas chuvas, do n\u00edvel dos rios locais e o aumento das temperaturas.<\/p>\n\n\n\n<p>Santiago\u00a0\u00e9 rodeada pela Cordilheira dos Andes, a cadeia montanhosa que percorre v\u00e1rios pa\u00edses da Am\u00e9rica do Sul. As principais esta\u00e7\u00f5es de esqui visitadas aos montes pelos brasileiros tamb\u00e9m ficam na cordilheira.<\/p>\n\n\n\n<p>Cordero e colegas devem publicar nos pr\u00f3ximos meses um estudo que refor\u00e7a dados publicados em 2019 em artigo liderado por ele na revista cient\u00edfica Scientific Reports.<\/p>\n\n\n\n<p>Na \u00e9poca, a equipe calculou que a Cordilheira dos Andes perdeu em m\u00e9dia 10% de sua cobertura de neve a cada d\u00e9cada entre 1986 e 2018. Nesse caso, foi analisada a neve apenas no ver\u00e3o (neve perene).<\/p>\n\n\n\n<p>No novo estudo, todo o ano foi considerado, e o per\u00edodo de an\u00e1lise \u00e9 menor, de 2001 a 2023.<\/p>\n\n\n\n<p>&#8220;Infelizmente, os novos dados confirmam o que j\u00e1 imagin\u00e1vamos: que a neve nos Andes, n\u00e3o apenas na zona central do Chile mas praticamente em toda a cordilheira, est\u00e1 desaparecendo em um ritmo extraordin\u00e1rio, de ao menos 10% por d\u00e9cada&#8221;, disse Cordeiro \u00e0 BBC News Brasil.<\/p>\n\n\n\n<p>&#8220;Mas, na zona central do Chile, a diminui\u00e7\u00e3o \u00e9 mais acelerada do que no resto do continente.&#8221;<\/p>\n\n\n\n<p>Cordero, que vive em\u00a0Santiago\u00a0desde 2000, diz que a diminui\u00e7\u00e3o da neve \u00e9 vis\u00edvel na paisagem da cordilheira que se observa da cidade.<\/p>\n\n\n\n<p>&#8220;N\u00f3s [da universidade] temos uma esta\u00e7\u00e3o para monitorar a neve, a cerca de 2.700 metros acima do n\u00edvel do mar. Este ano, para ir \u00e0 nossa esta\u00e7\u00e3o, precisamos usar crampons [sola de metal pr\u00f3pria para neve]. Mas nos outros anos, n\u00e3o era necess\u00e1rio, porque havia t\u00e3o, t\u00e3o pouca neve que n\u00e3o precis\u00e1vamos de equipamento para caminhar&#8221;, relata o cientista.<\/p>\n\n\n\n<p>Para ele, a bonan\u00e7a de 2024 \u00e9 uma exce\u00e7\u00e3o, atribu\u00edda ao El Ni\u00f1o \u2014 que traz mais chuvas na regi\u00e3o chilena e, logo, mais neve.<\/p>\n\n\n\n<p>&#8220;Tivemos sorte de ter um ano de um jeito que antigamente era considerado normal.&#8221;<\/p>\n\n\n\n<p>Perguntado sobre o impacto ambiental dos canh\u00f5es de neve artificial, ele responde que &#8220;n\u00e3o s\u00e3o t\u00e3o ruins&#8221; da forma que v\u00eam sendo usados nos arredores de\u00a0Santiago\u00a0\u2014 com uso de fontes de energia renov\u00e1vel e \u00e1gua acumulada em reservat\u00f3rios pr\u00f3ximos.<\/p>\n\n\n\n<p>Por ser t\u00e3o importante para o turismo, Cordero considera que, eventualmente, esta\u00e7\u00f5es de esqui precisar\u00e3o se realocar em busca de neve.<\/p>\n\n\n\n<p>&#8220;Eles t\u00eam que pensar que temporadas como a de 2024 v\u00e3o ser cada vez mais escassas. O mais prov\u00e1vel \u00e9 que precisem colocar as pistas de esqui em maiores altitudes&#8221;, afirma.<\/p>\n\n\n\n<p><strong>Fonte:<\/strong> <em><a href=\"https:\/\/g1.globo.com\/turismo-e-viagem\/noticia\/2024\/11\/01\/o-uso-de-neve-artificial-em-estacoes-de-esqui-no-chile-diante-de-incertezas-sobre-o-clima.ghtml\" target=\"_blank\" rel=\"noreferrer noopener\">https:\/\/g1.globo.com\/turismo-e-viagem\/noticia\/2024\/11\/01\/o-uso-de-neve-artificial-em-estacoes-de-esqui-no-chile-diante-de-incertezas-sobre-o-clima.ghtml<\/a><\/em><\/p>\n\n\n\n<p><a href=\"http:\/\/www.bbc.com\/portuguese\" target=\"_blank\" rel=\"noreferrer noopener\"><\/a><a href=\"http:\/\/www.bbc.com\/portuguese\" target=\"_blank\" rel=\"noreferrer noopener\"><\/a><\/p>\n\n\n\n<p><a href=\"http:\/\/www.bbc.com\/portuguese\" target=\"_blank\" rel=\"noreferrer noopener\"><\/a><\/p>\n","protected":false},"excerpt":{"rendered":"<p>As principais esta\u00e7\u00f5es de esqui nos arredores de Santiago est\u00e3o investindo em m\u00e1quinas de fazer neve, ap\u00f3s uma sequ\u00eancia de anos com pouca neve natural. Cientistas preveem que regi\u00e3o ser\u00e1 uma das mais afetadas pelas mudan\u00e7as clim\u00e1ticas no pa\u00eds. Desde o in\u00edcio do ano, um grupo de dez pessoas de\u00a0Amparo (SP)\u00a0se planejou para\u00a0viajar para\u00a0Santiago\u00a0do Chile [&hellip;]<\/p>\n","protected":false},"author":1,"featured_media":1349,"comment_status":"closed","ping_status":"open","sticky":false,"template":"","format":"standard","meta":{"footnotes":""},"categories":[1],"tags":[],"class_list":["post-1626","post","type-post","status-publish","format-standard","has-post-thumbnail","hentry","category-artigos"],"yoast_head":"<!-- This site is optimized with the Yoast SEO plugin v27.4 - https:\/\/yoast.com\/product\/yoast-seo-wordpress\/ -->\n<title>O uso de neve artificial em esta\u00e7\u00f5es de esqui no Chile diante de incertezas sobre o clima - Toledo Turismo<\/title>\n<meta name=\"robots\" content=\"index, follow, max-snippet:-1, max-image-preview:large, max-video-preview:-1\" \/>\n<link rel=\"canonical\" href=\"https:\/\/www.turismotoledo.com.br\/novo\/2024\/11\/18\/o-uso-de-neve-artificial-em-estacoes-de-esqui-no-chile-diante-de-incertezas-sobre-o-clima\/\" \/>\n<meta property=\"og:locale\" content=\"pt_BR\" \/>\n<meta property=\"og:type\" content=\"article\" \/>\n<meta property=\"og:title\" content=\"O uso de neve artificial em esta\u00e7\u00f5es de esqui no Chile diante de incertezas sobre o clima - Toledo Turismo\" \/>\n<meta property=\"og:description\" content=\"As principais esta\u00e7\u00f5es de esqui nos arredores de Santiago est\u00e3o investindo em m\u00e1quinas de fazer neve, ap\u00f3s uma sequ\u00eancia de anos com pouca neve natural. Cientistas preveem que regi\u00e3o ser\u00e1 uma das mais afetadas pelas mudan\u00e7as clim\u00e1ticas no pa\u00eds. Desde o in\u00edcio do ano, um grupo de dez pessoas de\u00a0Amparo (SP)\u00a0se planejou para\u00a0viajar para\u00a0Santiago\u00a0do Chile [&hellip;]\" \/>\n<meta property=\"og:url\" content=\"https:\/\/www.turismotoledo.com.br\/novo\/2024\/11\/18\/o-uso-de-neve-artificial-em-estacoes-de-esqui-no-chile-diante-de-incertezas-sobre-o-clima\/\" \/>\n<meta property=\"og:site_name\" content=\"Toledo Turismo\" \/>\n<meta property=\"article:published_time\" content=\"2024-11-18T14:40:23+00:00\" \/>\n<meta property=\"article:modified_time\" content=\"2024-11-18T14:40:25+00:00\" \/>\n<meta property=\"og:image\" content=\"https:\/\/www.turismotoledo.com.br\/novo\/wp-content\/uploads\/2022\/11\/2022111704pexels-photo-1684166.jpeg\" \/>\n\t<meta property=\"og:image:width\" content=\"600\" \/>\n\t<meta property=\"og:image:height\" content=\"400\" \/>\n\t<meta property=\"og:image:type\" content=\"image\/jpeg\" \/>\n<meta name=\"author\" content=\"Toledo Turismo\" \/>\n<meta name=\"twitter:card\" content=\"summary_large_image\" \/>\n<meta name=\"twitter:label1\" content=\"Escrito por\" \/>\n\t<meta name=\"twitter:data1\" content=\"Toledo Turismo\" \/>\n\t<meta name=\"twitter:label2\" content=\"Est. tempo de leitura\" \/>\n\t<meta name=\"twitter:data2\" content=\"10 minutos\" \/>\n<script type=\"application\/ld+json\" class=\"yoast-schema-graph\">{\"@context\":\"https:\\\/\\\/schema.org\",\"@graph\":[{\"@type\":\"Article\",\"@id\":\"https:\\\/\\\/www.turismotoledo.com.br\\\/novo\\\/2024\\\/11\\\/18\\\/o-uso-de-neve-artificial-em-estacoes-de-esqui-no-chile-diante-de-incertezas-sobre-o-clima\\\/#article\",\"isPartOf\":{\"@id\":\"https:\\\/\\\/www.turismotoledo.com.br\\\/novo\\\/2024\\\/11\\\/18\\\/o-uso-de-neve-artificial-em-estacoes-de-esqui-no-chile-diante-de-incertezas-sobre-o-clima\\\/\"},\"author\":{\"name\":\"Toledo Turismo\",\"@id\":\"https:\\\/\\\/www.turismotoledo.com.br\\\/novo\\\/#\\\/schema\\\/person\\\/3b550569f0a6ee27dbdd7952bb22eda1\"},\"headline\":\"O uso de neve artificial em esta\u00e7\u00f5es de esqui no Chile diante de incertezas sobre o clima\",\"datePublished\":\"2024-11-18T14:40:23+00:00\",\"dateModified\":\"2024-11-18T14:40:25+00:00\",\"mainEntityOfPage\":{\"@id\":\"https:\\\/\\\/www.turismotoledo.com.br\\\/novo\\\/2024\\\/11\\\/18\\\/o-uso-de-neve-artificial-em-estacoes-de-esqui-no-chile-diante-de-incertezas-sobre-o-clima\\\/\"},\"wordCount\":1856,\"publisher\":{\"@id\":\"https:\\\/\\\/www.turismotoledo.com.br\\\/novo\\\/#organization\"},\"image\":{\"@id\":\"https:\\\/\\\/www.turismotoledo.com.br\\\/novo\\\/2024\\\/11\\\/18\\\/o-uso-de-neve-artificial-em-estacoes-de-esqui-no-chile-diante-de-incertezas-sobre-o-clima\\\/#primaryimage\"},\"thumbnailUrl\":\"https:\\\/\\\/www.turismotoledo.com.br\\\/novo\\\/wp-content\\\/uploads\\\/2022\\\/11\\\/2022111704pexels-photo-1684166.jpeg\",\"articleSection\":[\"Artigos\"],\"inLanguage\":\"pt-BR\"},{\"@type\":\"WebPage\",\"@id\":\"https:\\\/\\\/www.turismotoledo.com.br\\\/novo\\\/2024\\\/11\\\/18\\\/o-uso-de-neve-artificial-em-estacoes-de-esqui-no-chile-diante-de-incertezas-sobre-o-clima\\\/\",\"url\":\"https:\\\/\\\/www.turismotoledo.com.br\\\/novo\\\/2024\\\/11\\\/18\\\/o-uso-de-neve-artificial-em-estacoes-de-esqui-no-chile-diante-de-incertezas-sobre-o-clima\\\/\",\"name\":\"O uso de neve artificial em esta\u00e7\u00f5es de esqui no Chile diante de incertezas sobre o clima - Toledo Turismo\",\"isPartOf\":{\"@id\":\"https:\\\/\\\/www.turismotoledo.com.br\\\/novo\\\/#website\"},\"primaryImageOfPage\":{\"@id\":\"https:\\\/\\\/www.turismotoledo.com.br\\\/novo\\\/2024\\\/11\\\/18\\\/o-uso-de-neve-artificial-em-estacoes-de-esqui-no-chile-diante-de-incertezas-sobre-o-clima\\\/#primaryimage\"},\"image\":{\"@id\":\"https:\\\/\\\/www.turismotoledo.com.br\\\/novo\\\/2024\\\/11\\\/18\\\/o-uso-de-neve-artificial-em-estacoes-de-esqui-no-chile-diante-de-incertezas-sobre-o-clima\\\/#primaryimage\"},\"thumbnailUrl\":\"https:\\\/\\\/www.turismotoledo.com.br\\\/novo\\\/wp-content\\\/uploads\\\/2022\\\/11\\\/2022111704pexels-photo-1684166.jpeg\",\"datePublished\":\"2024-11-18T14:40:23+00:00\",\"dateModified\":\"2024-11-18T14:40:25+00:00\",\"breadcrumb\":{\"@id\":\"https:\\\/\\\/www.turismotoledo.com.br\\\/novo\\\/2024\\\/11\\\/18\\\/o-uso-de-neve-artificial-em-estacoes-de-esqui-no-chile-diante-de-incertezas-sobre-o-clima\\\/#breadcrumb\"},\"inLanguage\":\"pt-BR\",\"potentialAction\":[{\"@type\":\"ReadAction\",\"target\":[\"https:\\\/\\\/www.turismotoledo.com.br\\\/novo\\\/2024\\\/11\\\/18\\\/o-uso-de-neve-artificial-em-estacoes-de-esqui-no-chile-diante-de-incertezas-sobre-o-clima\\\/\"]}]},{\"@type\":\"ImageObject\",\"inLanguage\":\"pt-BR\",\"@id\":\"https:\\\/\\\/www.turismotoledo.com.br\\\/novo\\\/2024\\\/11\\\/18\\\/o-uso-de-neve-artificial-em-estacoes-de-esqui-no-chile-diante-de-incertezas-sobre-o-clima\\\/#primaryimage\",\"url\":\"https:\\\/\\\/www.turismotoledo.com.br\\\/novo\\\/wp-content\\\/uploads\\\/2022\\\/11\\\/2022111704pexels-photo-1684166.jpeg\",\"contentUrl\":\"https:\\\/\\\/www.turismotoledo.com.br\\\/novo\\\/wp-content\\\/uploads\\\/2022\\\/11\\\/2022111704pexels-photo-1684166.jpeg\",\"width\":600,\"height\":400},{\"@type\":\"BreadcrumbList\",\"@id\":\"https:\\\/\\\/www.turismotoledo.com.br\\\/novo\\\/2024\\\/11\\\/18\\\/o-uso-de-neve-artificial-em-estacoes-de-esqui-no-chile-diante-de-incertezas-sobre-o-clima\\\/#breadcrumb\",\"itemListElement\":[{\"@type\":\"ListItem\",\"position\":1,\"name\":\"In\u00edcio\",\"item\":\"https:\\\/\\\/www.turismotoledo.com.br\\\/novo\\\/\"},{\"@type\":\"ListItem\",\"position\":2,\"name\":\"O uso de neve artificial em esta\u00e7\u00f5es de esqui no Chile diante de incertezas sobre o clima\"}]},{\"@type\":\"WebSite\",\"@id\":\"https:\\\/\\\/www.turismotoledo.com.br\\\/novo\\\/#website\",\"url\":\"https:\\\/\\\/www.turismotoledo.com.br\\\/novo\\\/\",\"name\":\"Toledo Turismo\",\"description\":\"Ag\u00eancia de Viagens\",\"publisher\":{\"@id\":\"https:\\\/\\\/www.turismotoledo.com.br\\\/novo\\\/#organization\"},\"potentialAction\":[{\"@type\":\"SearchAction\",\"target\":{\"@type\":\"EntryPoint\",\"urlTemplate\":\"https:\\\/\\\/www.turismotoledo.com.br\\\/novo\\\/?s={search_term_string}\"},\"query-input\":{\"@type\":\"PropertyValueSpecification\",\"valueRequired\":true,\"valueName\":\"search_term_string\"}}],\"inLanguage\":\"pt-BR\"},{\"@type\":\"Organization\",\"@id\":\"https:\\\/\\\/www.turismotoledo.com.br\\\/novo\\\/#organization\",\"name\":\"Turismo Toledo\",\"url\":\"https:\\\/\\\/www.turismotoledo.com.br\\\/novo\\\/\",\"logo\":{\"@type\":\"ImageObject\",\"inLanguage\":\"pt-BR\",\"@id\":\"https:\\\/\\\/www.turismotoledo.com.br\\\/novo\\\/#\\\/schema\\\/logo\\\/image\\\/\",\"url\":\"https:\\\/\\\/www.turismotoledo.com.br\\\/novo\\\/wp-content\\\/uploads\\\/2016\\\/06\\\/logo.png\",\"contentUrl\":\"https:\\\/\\\/www.turismotoledo.com.br\\\/novo\\\/wp-content\\\/uploads\\\/2016\\\/06\\\/logo.png\",\"width\":3104,\"height\":956,\"caption\":\"Turismo Toledo\"},\"image\":{\"@id\":\"https:\\\/\\\/www.turismotoledo.com.br\\\/novo\\\/#\\\/schema\\\/logo\\\/image\\\/\"}},{\"@type\":\"Person\",\"@id\":\"https:\\\/\\\/www.turismotoledo.com.br\\\/novo\\\/#\\\/schema\\\/person\\\/3b550569f0a6ee27dbdd7952bb22eda1\",\"name\":\"Toledo Turismo\",\"image\":{\"@type\":\"ImageObject\",\"inLanguage\":\"pt-BR\",\"@id\":\"https:\\\/\\\/secure.gravatar.com\\\/avatar\\\/fcb6d4429728c2e3dc139bc267124827820073ad2a2cba4fb557378d09102ea7?s=96&d=mm&r=g\",\"url\":\"https:\\\/\\\/secure.gravatar.com\\\/avatar\\\/fcb6d4429728c2e3dc139bc267124827820073ad2a2cba4fb557378d09102ea7?s=96&d=mm&r=g\",\"contentUrl\":\"https:\\\/\\\/secure.gravatar.com\\\/avatar\\\/fcb6d4429728c2e3dc139bc267124827820073ad2a2cba4fb557378d09102ea7?s=96&d=mm&r=g\",\"caption\":\"Toledo Turismo\"},\"url\":\"https:\\\/\\\/www.turismotoledo.com.br\\\/novo\\\/author\\\/turismotoledo\\\/\"}]}<\/script>\n<!-- \/ Yoast SEO plugin. -->","yoast_head_json":{"title":"O uso de neve artificial em esta\u00e7\u00f5es de esqui no Chile diante de incertezas sobre o clima - Toledo Turismo","robots":{"index":"index","follow":"follow","max-snippet":"max-snippet:-1","max-image-preview":"max-image-preview:large","max-video-preview":"max-video-preview:-1"},"canonical":"https:\/\/www.turismotoledo.com.br\/novo\/2024\/11\/18\/o-uso-de-neve-artificial-em-estacoes-de-esqui-no-chile-diante-de-incertezas-sobre-o-clima\/","og_locale":"pt_BR","og_type":"article","og_title":"O uso de neve artificial em esta\u00e7\u00f5es de esqui no Chile diante de incertezas sobre o clima - Toledo Turismo","og_description":"As principais esta\u00e7\u00f5es de esqui nos arredores de Santiago est\u00e3o investindo em m\u00e1quinas de fazer neve, ap\u00f3s uma sequ\u00eancia de anos com pouca neve natural. Cientistas preveem que regi\u00e3o ser\u00e1 uma das mais afetadas pelas mudan\u00e7as clim\u00e1ticas no pa\u00eds. Desde o in\u00edcio do ano, um grupo de dez pessoas de\u00a0Amparo (SP)\u00a0se planejou para\u00a0viajar para\u00a0Santiago\u00a0do Chile [&hellip;]","og_url":"https:\/\/www.turismotoledo.com.br\/novo\/2024\/11\/18\/o-uso-de-neve-artificial-em-estacoes-de-esqui-no-chile-diante-de-incertezas-sobre-o-clima\/","og_site_name":"Toledo Turismo","article_published_time":"2024-11-18T14:40:23+00:00","article_modified_time":"2024-11-18T14:40:25+00:00","og_image":[{"width":600,"height":400,"url":"https:\/\/www.turismotoledo.com.br\/novo\/wp-content\/uploads\/2022\/11\/2022111704pexels-photo-1684166.jpeg","type":"image\/jpeg"}],"author":"Toledo Turismo","twitter_card":"summary_large_image","twitter_misc":{"Escrito por":"Toledo Turismo","Est. tempo de leitura":"10 minutos"},"schema":{"@context":"https:\/\/schema.org","@graph":[{"@type":"Article","@id":"https:\/\/www.turismotoledo.com.br\/novo\/2024\/11\/18\/o-uso-de-neve-artificial-em-estacoes-de-esqui-no-chile-diante-de-incertezas-sobre-o-clima\/#article","isPartOf":{"@id":"https:\/\/www.turismotoledo.com.br\/novo\/2024\/11\/18\/o-uso-de-neve-artificial-em-estacoes-de-esqui-no-chile-diante-de-incertezas-sobre-o-clima\/"},"author":{"name":"Toledo Turismo","@id":"https:\/\/www.turismotoledo.com.br\/novo\/#\/schema\/person\/3b550569f0a6ee27dbdd7952bb22eda1"},"headline":"O uso de neve artificial em esta\u00e7\u00f5es de esqui no Chile diante de incertezas sobre o clima","datePublished":"2024-11-18T14:40:23+00:00","dateModified":"2024-11-18T14:40:25+00:00","mainEntityOfPage":{"@id":"https:\/\/www.turismotoledo.com.br\/novo\/2024\/11\/18\/o-uso-de-neve-artificial-em-estacoes-de-esqui-no-chile-diante-de-incertezas-sobre-o-clima\/"},"wordCount":1856,"publisher":{"@id":"https:\/\/www.turismotoledo.com.br\/novo\/#organization"},"image":{"@id":"https:\/\/www.turismotoledo.com.br\/novo\/2024\/11\/18\/o-uso-de-neve-artificial-em-estacoes-de-esqui-no-chile-diante-de-incertezas-sobre-o-clima\/#primaryimage"},"thumbnailUrl":"https:\/\/www.turismotoledo.com.br\/novo\/wp-content\/uploads\/2022\/11\/2022111704pexels-photo-1684166.jpeg","articleSection":["Artigos"],"inLanguage":"pt-BR"},{"@type":"WebPage","@id":"https:\/\/www.turismotoledo.com.br\/novo\/2024\/11\/18\/o-uso-de-neve-artificial-em-estacoes-de-esqui-no-chile-diante-de-incertezas-sobre-o-clima\/","url":"https:\/\/www.turismotoledo.com.br\/novo\/2024\/11\/18\/o-uso-de-neve-artificial-em-estacoes-de-esqui-no-chile-diante-de-incertezas-sobre-o-clima\/","name":"O uso de neve artificial em esta\u00e7\u00f5es de esqui no Chile diante de incertezas sobre o clima - Toledo Turismo","isPartOf":{"@id":"https:\/\/www.turismotoledo.com.br\/novo\/#website"},"primaryImageOfPage":{"@id":"https:\/\/www.turismotoledo.com.br\/novo\/2024\/11\/18\/o-uso-de-neve-artificial-em-estacoes-de-esqui-no-chile-diante-de-incertezas-sobre-o-clima\/#primaryimage"},"image":{"@id":"https:\/\/www.turismotoledo.com.br\/novo\/2024\/11\/18\/o-uso-de-neve-artificial-em-estacoes-de-esqui-no-chile-diante-de-incertezas-sobre-o-clima\/#primaryimage"},"thumbnailUrl":"https:\/\/www.turismotoledo.com.br\/novo\/wp-content\/uploads\/2022\/11\/2022111704pexels-photo-1684166.jpeg","datePublished":"2024-11-18T14:40:23+00:00","dateModified":"2024-11-18T14:40:25+00:00","breadcrumb":{"@id":"https:\/\/www.turismotoledo.com.br\/novo\/2024\/11\/18\/o-uso-de-neve-artificial-em-estacoes-de-esqui-no-chile-diante-de-incertezas-sobre-o-clima\/#breadcrumb"},"inLanguage":"pt-BR","potentialAction":[{"@type":"ReadAction","target":["https:\/\/www.turismotoledo.com.br\/novo\/2024\/11\/18\/o-uso-de-neve-artificial-em-estacoes-de-esqui-no-chile-diante-de-incertezas-sobre-o-clima\/"]}]},{"@type":"ImageObject","inLanguage":"pt-BR","@id":"https:\/\/www.turismotoledo.com.br\/novo\/2024\/11\/18\/o-uso-de-neve-artificial-em-estacoes-de-esqui-no-chile-diante-de-incertezas-sobre-o-clima\/#primaryimage","url":"https:\/\/www.turismotoledo.com.br\/novo\/wp-content\/uploads\/2022\/11\/2022111704pexels-photo-1684166.jpeg","contentUrl":"https:\/\/www.turismotoledo.com.br\/novo\/wp-content\/uploads\/2022\/11\/2022111704pexels-photo-1684166.jpeg","width":600,"height":400},{"@type":"BreadcrumbList","@id":"https:\/\/www.turismotoledo.com.br\/novo\/2024\/11\/18\/o-uso-de-neve-artificial-em-estacoes-de-esqui-no-chile-diante-de-incertezas-sobre-o-clima\/#breadcrumb","itemListElement":[{"@type":"ListItem","position":1,"name":"In\u00edcio","item":"https:\/\/www.turismotoledo.com.br\/novo\/"},{"@type":"ListItem","position":2,"name":"O uso de neve artificial em esta\u00e7\u00f5es de esqui no Chile diante de incertezas sobre o clima"}]},{"@type":"WebSite","@id":"https:\/\/www.turismotoledo.com.br\/novo\/#website","url":"https:\/\/www.turismotoledo.com.br\/novo\/","name":"Toledo Turismo","description":"Ag\u00eancia de Viagens","publisher":{"@id":"https:\/\/www.turismotoledo.com.br\/novo\/#organization"},"potentialAction":[{"@type":"SearchAction","target":{"@type":"EntryPoint","urlTemplate":"https:\/\/www.turismotoledo.com.br\/novo\/?s={search_term_string}"},"query-input":{"@type":"PropertyValueSpecification","valueRequired":true,"valueName":"search_term_string"}}],"inLanguage":"pt-BR"},{"@type":"Organization","@id":"https:\/\/www.turismotoledo.com.br\/novo\/#organization","name":"Turismo Toledo","url":"https:\/\/www.turismotoledo.com.br\/novo\/","logo":{"@type":"ImageObject","inLanguage":"pt-BR","@id":"https:\/\/www.turismotoledo.com.br\/novo\/#\/schema\/logo\/image\/","url":"https:\/\/www.turismotoledo.com.br\/novo\/wp-content\/uploads\/2016\/06\/logo.png","contentUrl":"https:\/\/www.turismotoledo.com.br\/novo\/wp-content\/uploads\/2016\/06\/logo.png","width":3104,"height":956,"caption":"Turismo Toledo"},"image":{"@id":"https:\/\/www.turismotoledo.com.br\/novo\/#\/schema\/logo\/image\/"}},{"@type":"Person","@id":"https:\/\/www.turismotoledo.com.br\/novo\/#\/schema\/person\/3b550569f0a6ee27dbdd7952bb22eda1","name":"Toledo Turismo","image":{"@type":"ImageObject","inLanguage":"pt-BR","@id":"https:\/\/secure.gravatar.com\/avatar\/fcb6d4429728c2e3dc139bc267124827820073ad2a2cba4fb557378d09102ea7?s=96&d=mm&r=g","url":"https:\/\/secure.gravatar.com\/avatar\/fcb6d4429728c2e3dc139bc267124827820073ad2a2cba4fb557378d09102ea7?s=96&d=mm&r=g","contentUrl":"https:\/\/secure.gravatar.com\/avatar\/fcb6d4429728c2e3dc139bc267124827820073ad2a2cba4fb557378d09102ea7?s=96&d=mm&r=g","caption":"Toledo Turismo"},"url":"https:\/\/www.turismotoledo.com.br\/novo\/author\/turismotoledo\/"}]}},"_links":{"self":[{"href":"https:\/\/www.turismotoledo.com.br\/novo\/wp-json\/wp\/v2\/posts\/1626","targetHints":{"allow":["GET"]}}],"collection":[{"href":"https:\/\/www.turismotoledo.com.br\/novo\/wp-json\/wp\/v2\/posts"}],"about":[{"href":"https:\/\/www.turismotoledo.com.br\/novo\/wp-json\/wp\/v2\/types\/post"}],"author":[{"embeddable":true,"href":"https:\/\/www.turismotoledo.com.br\/novo\/wp-json\/wp\/v2\/users\/1"}],"replies":[{"embeddable":true,"href":"https:\/\/www.turismotoledo.com.br\/novo\/wp-json\/wp\/v2\/comments?post=1626"}],"version-history":[{"count":1,"href":"https:\/\/www.turismotoledo.com.br\/novo\/wp-json\/wp\/v2\/posts\/1626\/revisions"}],"predecessor-version":[{"id":1627,"href":"https:\/\/www.turismotoledo.com.br\/novo\/wp-json\/wp\/v2\/posts\/1626\/revisions\/1627"}],"wp:featuredmedia":[{"embeddable":true,"href":"https:\/\/www.turismotoledo.com.br\/novo\/wp-json\/wp\/v2\/media\/1349"}],"wp:attachment":[{"href":"https:\/\/www.turismotoledo.com.br\/novo\/wp-json\/wp\/v2\/media?parent=1626"}],"wp:term":[{"taxonomy":"category","embeddable":true,"href":"https:\/\/www.turismotoledo.com.br\/novo\/wp-json\/wp\/v2\/categories?post=1626"},{"taxonomy":"post_tag","embeddable":true,"href":"https:\/\/www.turismotoledo.com.br\/novo\/wp-json\/wp\/v2\/tags?post=1626"}],"curies":[{"name":"wp","href":"https:\/\/api.w.org\/{rel}","templated":true}]}}